{"id":9907,"date":"2025-06-19T18:42:00","date_gmt":"2025-06-19T21:42:00","guid":{"rendered":"https:\/\/diariodocomercio.com.br\/mix\/?p=9907"},"modified":"2025-06-13T12:06:02","modified_gmt":"2025-06-13T15:06:02","slug":"revelada-a-tecnica-coreana-para-parecer-10-anos-mais-novo","status":"publish","type":"post","link":"https:\/\/diariodocomercio.com.br\/mix\/revelada-a-tecnica-coreana-para-parecer-10-anos-mais-novo\/","title":{"rendered":"Revelada a t\u00e9cnica coreana para parecer 10 anos mais novo"},"content":{"rendered":"\n<p>A Coreia do Sul conquistou um espa\u00e7o importante no universo de cosm\u00e9ticos e est\u00e1 sendo respons\u00e1vel pelo lan\u00e7amento de inova\u00e7\u00f5es para a pele, principalmente com linhas voltadas para o skin care. Para impulsionar a qualidade dos produtos, existe uma t\u00e9cnica que est\u00e1 se popularizando, que \u00e9 chamada de \u201c10 segundos para hidrata\u00e7\u00e3o facial\u201d, que seria deixar o produto agindo por esse per\u00edodo, antes de sair de casa.&nbsp;<\/p>\n\n\n\n<p>De acordo com os testes feitos, essa t\u00e9cnica faz com que a pele absorva mais o hidratante e tenha resultados satisfat\u00f3rios ao longo do tempo. Em alguns lugares, \u00e9 poss\u00edvel encontrar esse m\u00e9todo pelo nome &#8220;K-beauty&#8221;, que busca uma pele impec\u00e1vel, luminosa e, principalmente, muito hidratada. Para alcan\u00e7ar isso, a hidrata\u00e7\u00e3o \u00e9 o pilar fundamental dessa abordagem, e a t\u00e9cnica se baseia em uma combina\u00e7\u00e3o de produtos espec\u00edficos, uma rotina em camadas e ingredientes inovadores.<\/p>\n\n\n\n \n \t\n<style>@media (min-width: 992px) {\n    .recomendadorV2Area1 {\n        width: 280px;\n    }\n    .recomendadorV2Area2 {\n        padding: 0px 20px;\n        width: calc(100% - 280px);\n    }\n}\n\n@media (max-width: 992px) {\n    .recomendadorV2Button {\n        margin: 0 auto;\n    }\n    .recomendadorV2Area {\n        flex-direction: column;\n        text-align: center;\n    }\n    .recomendadorV2Area2 {\n        padding: 0px 20px;\n    }\n}\n\n.recomendadorV2Area {\n    background: #eeeeee3d;\n    border-radius: 10px;\n    padding: 15px;\n    display: flex;\n    margin: 15px auto;\n    border: 1px solid #00000014;\n    max-width: 800px;\n}\n\n.recomendadorV2Area1 img {\n    width: 280px;\n    height: auto;\n    border-radius: 8px;\n}\n\n.linkrecomendadorv2 {\n    text-decoration: none !important;\n}\n\n.recomendadorV2Area2 .recomendadorV2Type {\n    text-transform: uppercase;\n    font-weight: 500;\n    font-size: 11px;\n    letter-spacing: 2px;\n    color: #666;\n    margin: 12px 0;\n    display: block;\n}\n\n.recomendadorV2Title h2 {\n    padding-top: 0px !important;\n    margin: 0px !important;\n    border-left: none !important;\n    padding-left: 0px !important;\n    line-height: 1.3;\n    color: #000 !important;\n    font-size: 24px;\n    margin-bottom: 12px !important;\n}\n\n.recomendadorV2Desc {\n    color: #333;\n    margin: 12px 0px !important;\n    font-size: 15px;\n    line-height: 1.5;\n}\n\n.recomendadorV2Button {\n    width: auto;\n    max-width: 200px;\n    margin: 0;\n    display: inline-flex;\n    align-items: center;\n    background: #1D3557;\n    border-radius: 8px;\n    color: #fff;\n    height: 36px;\n    justify-content: center;\n    text-align: center;\n    font-size: 14px;\n    padding: 0 20px;\n    transition: background-color 0.2s ease;\n}\n\n.recomendadorV2Button:hover {\n    background: #2a4d7a;\n}\n\n.recomendadorV2Button:after {\n    margin-top: -2px;\n    content: \"\u2192\";\n    padding: 0px 0px 0px 8px;\n}\n\n.recomendadorV2Alert {\n    text-align: left;\n    font-size: 11px;\n    margin-top: 8px;\n    color: #666;\n}\n\n.recomendadorFixedArea {\n    width: 100%;\n    display: flex;\n    justify-content: center;\n    align-items: center;\n}\n\n@media (min-width: 992px) {\n    #recomendadorFixed {\n        width: 32% !important;\n        left: 5%;\n    }\n    .recomendadorCloseFixed{\n        right: inherit !important;\n        left: 378px !important;\n    }\n}\n\n#recomendadorFixed {\n    width: 90%;\n    box-shadow: 0 10px 20px 0px #00000057;\n    display: none;\n    height: 90px;\n    background: #F6F6F6;\n    position: fixed;\n    flex-direction: row;\n    bottom: 10px;\n    z-index: 9999;\n    border-radius: 16px;\n    padding: 7px 10px;\n}\n\n.recomendadorLeftArea {\n    width: 160px;\n}\n\n.recomendadorRightArea h2 {\n    padding-top: 0px;\n    margin: 2px 0px 4px 0px !important;\n    font-weight: 400;\n    text-align: center;\n    padding-left: 0px !important;\n    color: #000 !important;\n    border-left: none !important;\n    line-height: 20px;\n    font-size: 12px !important;\n}\n\n.recomendadorImgFixed {\n    overflow: hidden;\n    padding: 8px 6px;\n    height: 100%;\n}\n\n.recomendadorImgFixed img {\n    height: 100% !important;\n    border-radius: 16px;\n}\n\n.recomendadorRightArea {\n    padding-top: 6px;\n    display: flex;\n    width: calc(100% - 130px);\n    justify-content: space-between;\n    align-items: center;\n    flex-direction: column;\n}\n\n.recomendadorButtonFixed {\n    margin: 0 auto;\n    background: #1D3557;\n    width: 80%;\n    text-align: center;\n    font-size: 10px;\n    color: #FFF;\n    padding: 2px 10px;\n    border-radius: 3px;\n}\n\n.recomendadorButtonFixed:after {\n    margin-top: -3px;\n    content: \"\u2192\";\n    padding: 0px 0px 0px 10px;\n}\n\n.recomendadorAlertFixed {\n    font-weight: 400;\n    text-align: center;\n    color: #484848;\n    font-size: 8px;\n}\n\n.recomendadorCloseFixed {\n    z-index: 99999;\n    display: none;\n    right: 0px;\n    left: inherit;\n    bottom: 99px;\n    position: fixed;\n    justify-content: center;\n    background: #F6F6F6;\n    width: 25px;\n    align-items: center;\n    height: 25px;\n    font-weight: 800;\n    border-radius: 50%;\n    border: 1px solid #EBEBEB;\n}\n\n.recomendadorV2Desc{\n    color: #000000;\n    margin: 20px 0px;\n}\n\n@media (max-width: 576px) {\n    .recomendadorV2Area {\n      padding: 10px;\n      max-width: 100%;\n    }\n  \n    .recomendadorV2Area1 img {\n      width: 100%;\n      border-radius: 6px;\n    }\n  \n    .recomendadorV2Area2 .recomendadorV2Type {\n      font-size: 9px;\n      letter-spacing: 1px;\n      margin: 8px 0;\n    }\n  \n    .recomendadorV2Title h2 {\n      font-size: 18px !important;\n      margin-bottom: 8px !important;\n      line-height: 1.2;\n    }\n  \n    .recomendadorV2Desc {\n      font-size: 14px;\n      margin: 8px 0 !important;\n      line-height: 1.4;\n    }\n  \n    .recomendadorV2Button {\n      font-size: 14px;\n      height: 40px;\n      padding: 0 12px;\n      max-width: 100%;\n      width: 100%;\n    }\n  \n    .recomendadorV2Button:after {\n      padding-left: 6px;\n    }\n  }\n  <\/style>\n        <div class=\"lazyblock-recomendador-v2-2jDGz wp-block-lazyblock-recomendador-v2\">\n        <a class=\"linkrecomendadorv2\" href=\"https:\/\/diariodocomercio.com.br\/mix\/inss-emite-comunicado-para-quem-e-mei\/\">\n            <div class=\"recomendadorV2Area\">\n            <div class=\"recomendadorV2Area1\">\n                <div class=\"recomendadorV2Img\">\n                <img class=\"lazyloaded\" decoding=\"async\" src=\"https:\/\/mix.diariodocomercio.com.br\/wp-content\/uploads\/2025\/02\/inss-750x375.jpg\" data-src=\"https:\/\/mix.diariodocomercio.com.br\/wp-content\/uploads\/2025\/02\/inss-750x375.jpg\" alt=\"\">\n                <\/div>\n            <\/div>\n            <div class=\"recomendadorV2Area2\">\n                <div class=\"recomendadorV2Type\">\n                    <span>COMUNICADO<\/span>\n                <\/div>\n                <div class=\"recomendadorV2Title\">\n                <h2><span>INSS emite comunicado para quem \u00e9 MEI<\/span><\/h2>\n                <\/div>\n                <div class=\"recomendadorV2Desc\">\n                <span>Se voc\u00ea exerce qualquer uma dessas fun\u00e7\u00f5es como MEI corre perigo de ficar sem aposentadoria\u2026<\/span>\n                <\/div>\n                <div class=\"recomendadorV2Button\">Ver<\/div>\n                <div class=\"recomendadorV2Alert\"><\/div>\n            <\/div>\n            <\/div>\n        <\/a>\n        <div>\n            <div style=\"z-index:99999;\" id=\"buttonClose\" onclick=\"closeRecomendadorFixed()\">\n            <div class=\"recomendadorCloseFixed\">X<\/div>\n            <\/div>\n            <a href=\"https:\/\/diariodocomercio.com.br\/mix\/inss-emite-comunicado-para-quem-e-mei\/\">\n            <div class=\"recomendadorFixedArea\">\n                <div id=\"recomendadorFixed\">\n                <div class=\"recomendadorLeftArea\">\n                    <div class=\"recomendadorImgFixed\">\n                    <img class=\"lazyload\" decoding=\"async\" src=\"https:\/\/mix.diariodocomercio.com.br\/wp-content\/uploads\/2025\/02\/inss-750x375.jpg\" alt=\"\">\n                    <\/div>\n                <\/div>\n                <div class=\"recomendadorRightArea\">\n                    <div class=\"recomendadorTitleFixed\">\n                    <h2><span>INSS emite comunicado para quem \u00e9 MEI<\/span><\/h2>\n                    <\/div>\n                    <div class=\"recomendadorButtonFixed\">Ver<\/div>\n                    <div class=\"recomendadorAlertFixed\"><\/div>\n                <\/div>\n                <\/div>\n            <\/div>\n            <\/a>\n        <\/div>\n        <\/div>\n\n\n\n<h2 class=\"wp-block-heading\">Saiba como deixar a pele mais hidratada com t\u00e9cnicas sul-coreanas\u00a0<\/h2>\n\n\n\n<p>Existem v\u00e1rias t\u00e1ticas para deixar a pele hidratada por mais tempo e, de acordo com a &#8220;regra dos 10 segundos&#8221;, o m\u00e9todo \u00e9 aplicar o hidratante em at\u00e9 10 segundos ap\u00f3s lavar o rosto, enquanto a pele ainda est\u00e1 \u00famida. A ideia \u00e9 que a pele \u00famida absorve melhor os ativos dos hidratantes e ret\u00e9m mais \u00e1gua, resultando em uma pele mais vi\u00e7osa e saud\u00e1vel. Essa t\u00e9cnica beneficia todos os tipos de pele, incluindo a oleosa, pois ajuda a equilibrar o sebo e reduzir o efeito rebote.<br><\/p>\n\n\n\n<p>Lembrando que, existem produtos espec\u00edficos para o rosto e n\u00e3o basta apenas investir neles, mas tamb\u00e9m saber us\u00e1-los. Isso porque, al\u00e9m da aplica\u00e7\u00e3o dos produtos, a rotina \u00e9 essencial para dar resultados, pois a consist\u00eancia \u00e9 crucial na abordagem coreana. Os resultados s\u00e3o alcan\u00e7ados atrav\u00e9s da aplica\u00e7\u00e3o di\u00e1ria e paciente dos produtos. Al\u00e9m disso, a K-beauty enfatiza a personaliza\u00e7\u00e3o, incentivando cada indiv\u00edduo a entender seu tipo de pele e suas necessidades espec\u00edficas para escolher os produtos mais adequados.<\/p>\n","protected":false},"excerpt":{"rendered":"<p>A Coreia do Sul conquistou um espa\u00e7o importante no universo de cosm\u00e9ticos e est\u00e1 sendo respons\u00e1vel pelo lan\u00e7amento de inova\u00e7\u00f5es para a pele, principalmente com linhas voltadas para o skin care. Para impulsionar a qualidade dos produtos, existe uma t\u00e9cnica que est\u00e1 se popularizando, que \u00e9 chamada de \u201c10 segundos para hidrata\u00e7\u00e3o facial\u201d, que seria [&hellip;]<\/p>\n","protected":false},"author":7,"featured_media":9943,"comment_status":"closed","ping_status":"closed","sticky":false,"template":"","format":"standard","meta":{"jnews-multi-image_gallery":[],"jnews_single_post":{"format":"standard"},"jnews_primary_category":[],"jnews_social_meta":[],"jnews_override_counter":[],"jnews_post_split":[],"footnotes":""},"categories":[1],"tags":[],"class_list":["post-9907","post","type-post","status-publish","format-standard","has-post-thumbnail","hentry","category-geral"],"_referencia":"","_links":{"self":[{"href":"https:\/\/diariodocomercio.com.br\/mix\/wp-json\/wp\/v2\/posts\/9907","targetHints":{"allow":["GET"]}}],"collection":[{"href":"https:\/\/diariodocomercio.com.br\/mix\/wp-json\/wp\/v2\/posts"}],"about":[{"href":"https:\/\/diariodocomercio.com.br\/mix\/wp-json\/wp\/v2\/types\/post"}],"author":[{"embeddable":true,"href":"https:\/\/diariodocomercio.com.br\/mix\/wp-json\/wp\/v2\/users\/7"}],"replies":[{"embeddable":true,"href":"https:\/\/diariodocomercio.com.br\/mix\/wp-json\/wp\/v2\/comments?post=9907"}],"version-history":[{"count":2,"href":"https:\/\/diariodocomercio.com.br\/mix\/wp-json\/wp\/v2\/posts\/9907\/revisions"}],"predecessor-version":[{"id":9955,"href":"https:\/\/diariodocomercio.com.br\/mix\/wp-json\/wp\/v2\/posts\/9907\/revisions\/9955"}],"wp:featuredmedia":[{"embeddable":true,"href":"https:\/\/diariodocomercio.com.br\/mix\/wp-json\/wp\/v2\/media\/9943"}],"wp:attachment":[{"href":"https:\/\/diariodocomercio.com.br\/mix\/wp-json\/wp\/v2\/media?parent=9907"}],"wp:term":[{"taxonomy":"category","embeddable":true,"href":"https:\/\/diariodocomercio.com.br\/mix\/wp-json\/wp\/v2\/categories?post=9907"},{"taxonomy":"post_tag","embeddable":true,"href":"https:\/\/diariodocomercio.com.br\/mix\/wp-json\/wp\/v2\/tags?post=9907"}],"curies":[{"name":"wp","href":"https:\/\/api.w.org\/{rel}","templated":true}]}}