{"id":9910,"date":"2025-06-13T07:13:32","date_gmt":"2025-06-13T10:13:32","guid":{"rendered":"https:\/\/diariodocomercio.com.br\/mix\/?p=9910"},"modified":"2025-06-13T07:13:35","modified_gmt":"2025-06-13T10:13:35","slug":"rede-famosa-de-farmacias-surpreende-e-decreta-falencia-800-lojas-ja-foram-fechadas","status":"publish","type":"post","link":"https:\/\/diariodocomercio.com.br\/mix\/rede-famosa-de-farmacias-surpreende-e-decreta-falencia-800-lojas-ja-foram-fechadas\/","title":{"rendered":"Rede famosa de farm\u00e1cias surpreende e decreta fal\u00eancia \u2014 800 lojas j\u00e1 foram fechadas"},"content":{"rendered":"\n<p>A tradicional rede de farm\u00e1cias Rite Aid, uma das maiores dos Estados Unidos, entrou em fal\u00eancia pela segunda vez em menos de um ano. A empresa, que j\u00e1 havia sa\u00eddo do processo de recupera\u00e7\u00e3o judicial em setembro de 2024, voltou a recorrer ao Chapter 11 (recupera\u00e7\u00e3o judicial no sistema norte-americano) nesta segunda-feira (10). A decis\u00e3o surpreende o mercado, especialmente ap\u00f3s a rede j\u00e1 ter fechado 800 lojas desde 2022.<\/p>\n\n\n\n<p>A fal\u00eancia da Rite Aid escancara a crise no setor farmac\u00eautico americano, marcada por alta infla\u00e7\u00e3o, custos operacionais elevados e concorr\u00eancia intensa de gigantes como Amazon, Walmart e Costco. Al\u00e9m disso, a rede enfrenta processos judiciais milion\u00e1rios relacionados ao suposto preenchimento indevido de prescri\u00e7\u00f5es de opioides, o que fez sua d\u00edvida ultrapassar os US$ 4 bilh\u00f5es.<\/p>\n\n\n\n<h2 class=\"wp-block-heading\">Tentativa de reestrutura\u00e7\u00e3o n\u00e3o funcionou<\/h2>\n\n\n\n<p>Mesmo ap\u00f3s emergir do primeiro processo de recupera\u00e7\u00e3o com:<\/p>\n\n\n\n<ul class=\"wp-block-list\">\n<li><strong>US$ 2 bilh\u00f5es em d\u00edvidas eliminadas<\/strong><\/li>\n\n\n\n<li><strong>Financiamento de US$ 2,5 bilh\u00f5es para continuar operando<\/strong><\/li>\n\n\n\n<li><strong>Fechamento de 500 lojas<\/strong><\/li>\n<\/ul>\n\n\n\n<p>&#8230;a rede n\u00e3o conseguiu se manter est\u00e1vel. Segundo analistas, o problema principal foi a incapacidade de manter o estoque abastecido e competir em escala com os maiores players do setor.<\/p>\n\n\n\n<p>Com aproximadamente 1.250 lojas ainda em opera\u00e7\u00e3o (metade do que tinha dois anos atr\u00e1s), a Rite Aid agora busca compradores para suas unidades remanescentes. Especialistas avaliam que o cen\u00e1rio mais prov\u00e1vel \u00e9 que redes concorrentes adquiram apenas unidades estrat\u00e9gicas da Rite Aid, mantendo abertas somente as mais lucrativas.<\/p>\n\n\n\n<h2 class=\"wp-block-heading\">Fal\u00eancia da Rite Aid reflete crise em outras redes<\/h2>\n\n\n\n<p>A situa\u00e7\u00e3o da Rite Aid <strong>n\u00e3o \u00e9 isolada<\/strong>. Outras grandes redes tamb\u00e9m enfrentam s\u00e9rias dificuldades:<\/p>\n\n\n\n<ul class=\"wp-block-list\">\n<li><strong>Walgreens<\/strong>: anunciou plano de privatiza\u00e7\u00e3o avaliado em at\u00e9 <strong>US$ 24 bilh\u00f5es<\/strong> e j\u00e1 <strong>encerrou mais de 1.200 unidades<\/strong>.<\/li>\n\n\n\n<li><strong>CVS<\/strong>: reduziu sua rede com o fechamento de mais de <strong>1.000 lojas<\/strong> e est\u00e1 adotando um novo modelo de unidades <strong>menores, focadas apenas em farm\u00e1cia<\/strong>.<\/li>\n<\/ul>\n\n\n\n<p>Segundo o analista Neil Saunders, a primeira fal\u00eancia da Rite Aid &#8220;n\u00e3o resolveu os problemas estruturais da empresa&#8221;, e a nova tentativa de recupera\u00e7\u00e3o pode n\u00e3o ser suficiente para salv\u00e1-la do colapso total.<\/p>\n","protected":false},"excerpt":{"rendered":"<p>A tradicional rede de farm\u00e1cias Rite Aid, uma das maiores dos Estados Unidos, entrou em fal\u00eancia pela segunda vez em menos de um ano. A empresa, que j\u00e1 havia sa\u00eddo do processo de recupera\u00e7\u00e3o judicial em setembro de 2024, voltou a recorrer ao Chapter 11 (recupera\u00e7\u00e3o judicial no sistema norte-americano) nesta segunda-feira (10). A decis\u00e3o [&hellip;]<\/p>\n","protected":false},"author":9,"featured_media":9911,"comment_status":"closed","ping_status":"closed","sticky":false,"template":"","format":"standard","meta":{"jnews-multi-image_gallery":[],"jnews_single_post":{"format":"standard"},"jnews_primary_category":[],"jnews_social_meta":[],"jnews_override_counter":[],"jnews_post_split":[],"footnotes":""},"categories":[1],"tags":[],"class_list":["post-9910","post","type-post","status-publish","format-standard","has-post-thumbnail","hentry","category-geral"],"_referencia":"","_links":{"self":[{"href":"https:\/\/diariodocomercio.com.br\/mix\/wp-json\/wp\/v2\/posts\/9910","targetHints":{"allow":["GET"]}}],"collection":[{"href":"https:\/\/diariodocomercio.com.br\/mix\/wp-json\/wp\/v2\/posts"}],"about":[{"href":"https:\/\/diariodocomercio.com.br\/mix\/wp-json\/wp\/v2\/types\/post"}],"author":[{"embeddable":true,"href":"https:\/\/diariodocomercio.com.br\/mix\/wp-json\/wp\/v2\/users\/9"}],"replies":[{"embeddable":true,"href":"https:\/\/diariodocomercio.com.br\/mix\/wp-json\/wp\/v2\/comments?post=9910"}],"version-history":[{"count":1,"href":"https:\/\/diariodocomercio.com.br\/mix\/wp-json\/wp\/v2\/posts\/9910\/revisions"}],"predecessor-version":[{"id":9912,"href":"https:\/\/diariodocomercio.com.br\/mix\/wp-json\/wp\/v2\/posts\/9910\/revisions\/9912"}],"wp:featuredmedia":[{"embeddable":true,"href":"https:\/\/diariodocomercio.com.br\/mix\/wp-json\/wp\/v2\/media\/9911"}],"wp:attachment":[{"href":"https:\/\/diariodocomercio.com.br\/mix\/wp-json\/wp\/v2\/media?parent=9910"}],"wp:term":[{"taxonomy":"category","embeddable":true,"href":"https:\/\/diariodocomercio.com.br\/mix\/wp-json\/wp\/v2\/categories?post=9910"},{"taxonomy":"post_tag","embeddable":true,"href":"https:\/\/diariodocomercio.com.br\/mix\/wp-json\/wp\/v2\/tags?post=9910"}],"curies":[{"name":"wp","href":"https:\/\/api.w.org\/{rel}","templated":true}]}}